{"id":69,"count":2,"description":"","link":"http:\/\/www.petercone.com\/?tag=negativni-mysleni","name":"negativn\u00ed my\u0161len\u00ed","slug":"negativni-mysleni","taxonomy":"post_tag","meta":[],"_links":{"self":[{"href":"http:\/\/www.petercone.com\/index.php?rest_route=\/wp\/v2\/tags\/69"}],"collection":[{"href":"http:\/\/www.petercone.com\/index.php?rest_route=\/wp\/v2\/tags"}],"about":[{"href":"http:\/\/www.petercone.com\/index.php?rest_route=\/wp\/v2\/taxonomies\/post_tag"}],"wp:post_type":[{"href":"http:\/\/www.petercone.com\/index.php?rest_route=%2Fwp%2Fv2%2Fposts&tags=69"}],"curies":[{"name":"wp","href":"https:\/\/api.w.org\/{rel}","templated":true}]}}